{"id":1915,"date":"2020-03-04T10:31:33","date_gmt":"2020-03-04T09:31:33","guid":{"rendered":"http:\/\/s1073265861.online.de\/?p=1915"},"modified":"2024-12-16T14:40:51","modified_gmt":"2024-12-16T13:40:51","slug":"wiedereroeffnung-und-ausstellungseroeffnung-auf-schloss-burgk","status":"archive","type":"post","link":"https:\/\/schatzkammer-thueringen.de\/en\/wiedereroeffnung-und-ausstellungseroeffnung-auf-schloss-burgk\/","title":{"rendered":"Schlo\u00df Burgk: Wiederer\u00f6ffnung mit Sonderausstellung"},"content":{"rendered":"<p>Nach zweimonatiger Schlie\u00dfung ist seit 29. Februar 2020 das <a href=\"https:\/\/schatzkammer-thueringen.de\/en\/schloss-burgk\/\">Museum Burgk Castle<\/a> wieder f\u00fcr Besucher ge\u00f6ffnet. Auch wenn noch nicht alle Bauarbeiten endg\u00fcltig abgeschlossen sind, k\u00f6nnen die historischen R\u00e4ume, Park und Wehranlagen dienstags bis sonntags von 11 bis 16 Uhr (ab 1. April 10 bis 18 Uhr) besichtigt werden. Ostersonntag wird die Konzertsaison mit einem Konzert f\u00fcr Orgel und Barockfl\u00f6te\/Barockklarinette er\u00f6ffnet. Bis Ende Oktober erwartet die G\u00e4ste ein umfangreiches wie breites Programm von Konzerten, Festen, Lesungen, Puppentheater u.v.a.m.<\/p>\n<p>Seit Sonntag, 1. M\u00e4rz, kann auch die neue Sonderausstellung \u201eBarbara Toch. mondhell | Arbeiten auf Papier\u201c, besucht werden. In den R\u00e4umen der Neuen Galerie, im Pirckheimer-Kabinett und im Grafik-Kabinett werden bis zum 3. Mai 113 Arbeiten auf Papier und Buchbinderleinen, Collagen, \u00dcbermalungen und K\u00fcnstlerb\u00fccher der Geraer K\u00fcnstlerin gezeigt.<\/p>\n<p>Barbara Toch, 1950 in Dresden geboren, z\u00e4hlt zweifelsohne zu den interessantesten K\u00fcnstlerinnen Th\u00fcringens. Nach dem Studium der Malerei an der Leipziger Hochschule f\u00fcr Grafik und Buchkunst bei Werner T\u00fcbke und Wolfgang Mattheuer war sie zun\u00e4chst in Leipzig freiberuflich t\u00e4tig. Seit 1978 lebt und arbeitet Barbara Toch in Gera. Sie ist Gr\u00fcndungsmitglied der K\u00fcnstlergruppe \u201eschistko jedno\u201c und Mitinitiatorin der Produzentengalerie KUNST RAUM GERA. 1997 erhielt sie ein Arbeitsstipendium des Freistaates Th\u00fcringen, 2013 ein Projektstipendium der Erfurter Bildkunststiftung. Ihre Arbeiten finden sich in zahlreichen \u00f6ffentlichen und privaten Sammlungen.<\/p>\n<p>Vergeblich sucht man in Barbara Tochs Arbeiten die Leipziger Schule, fr\u00fch hatte sich die K\u00fcnstlerin von deren Motiv- und Formensprache gel\u00f6st und experimentierte mit Kontrast- und Farbformationen, setzte sich mit Struktur und Raum und der Abstraktion auseinander. Gegenst\u00e4ndliches, Tier- und Pflanzenformen, Altes und Neues, Reales und Fiktives gehen eine scheinbar vitale, oft geheimnisvolle Verbindung mit Abstrakten ein. Virtuos und technisch perfekt reflektiert Barbara Toch in ihren Bildern \u2013 die oft als Reihen angelegt sind &#8211; die digitale Welt ebenso wie die Alten Meister.<\/p>","protected":false},"excerpt":{"rendered":"<p>Nach zweimonatiger Schlie\u00dfung ist seit 29. Februar 2020 das Museum Schlo\u00df Burgk wieder f\u00fcr Besucher ge\u00f6ffnet. Auch wenn noch nicht alle Bauarbeiten endg\u00fcltig abgeschlossen sind, k\u00f6nnen die historischen R\u00e4ume, Park und Wehranlagen dienstags bis sonntags von 11 bis 16 Uhr (ab 1. April 10 bis 18 Uhr) besichtigt werden. Ostersonntag wird die Konzertsaison mit einem [&hellip;]<\/p>\n","protected":false},"author":3,"featured_media":1916,"comment_status":"open","ping_status":"open","sticky":false,"template":"","format":"standard","meta":{"footnotes":""},"categories":[26],"tags":[],"post_folder":[],"class_list":["post-1915","post","type-post","status-archive","format-standard","has-post-thumbnail","hentry","category-aktuelles"],"_links":{"self":[{"href":"https:\/\/schatzkammer-thueringen.de\/en\/wp-json\/wp\/v2\/posts\/1915","targetHints":{"allow":["GET"]}}],"collection":[{"href":"https:\/\/schatzkammer-thueringen.de\/en\/wp-json\/wp\/v2\/posts"}],"about":[{"href":"https:\/\/schatzkammer-thueringen.de\/en\/wp-json\/wp\/v2\/types\/post"}],"author":[{"embeddable":true,"href":"https:\/\/schatzkammer-thueringen.de\/en\/wp-json\/wp\/v2\/users\/3"}],"replies":[{"embeddable":true,"href":"https:\/\/schatzkammer-thueringen.de\/en\/wp-json\/wp\/v2\/comments?post=1915"}],"version-history":[{"count":4,"href":"https:\/\/schatzkammer-thueringen.de\/en\/wp-json\/wp\/v2\/posts\/1915\/revisions"}],"predecessor-version":[{"id":1922,"href":"https:\/\/schatzkammer-thueringen.de\/en\/wp-json\/wp\/v2\/posts\/1915\/revisions\/1922"}],"wp:featuredmedia":[{"embeddable":true,"href":"https:\/\/schatzkammer-thueringen.de\/en\/wp-json\/wp\/v2\/media\/1916"}],"wp:attachment":[{"href":"https:\/\/schatzkammer-thueringen.de\/en\/wp-json\/wp\/v2\/media?parent=1915"}],"wp:term":[{"taxonomy":"category","embeddable":true,"href":"https:\/\/schatzkammer-thueringen.de\/en\/wp-json\/wp\/v2\/categories?post=1915"},{"taxonomy":"post_tag","embeddable":true,"href":"https:\/\/schatzkammer-thueringen.de\/en\/wp-json\/wp\/v2\/tags?post=1915"},{"taxonomy":"post_folder","embeddable":true,"href":"https:\/\/schatzkammer-thueringen.de\/en\/wp-json\/wp\/v2\/post_folder?post=1915"}],"curies":[{"name":"wp","href":"https:\/\/api.w.org\/{rel}","templated":true}]}}