{"id":7092,"date":"2026-03-17T15:14:27","date_gmt":"2026-03-17T14:14:27","guid":{"rendered":"https:\/\/schatzkammer-thueringen.de\/?p=7092"},"modified":"2026-03-17T15:18:33","modified_gmt":"2026-03-17T14:18:33","slug":"pracht-und-prunk","status":"publish","type":"post","link":"https:\/\/schatzkammer-thueringen.de\/en\/pracht-und-prunk\/","title":{"rendered":"Sonderausstellung im Neuen Palais Arnstadt"},"content":{"rendered":"<div class=\"wpb-content-wrapper\"><div class=\"vc_row wpb_row vc_row-fluid\"><div class=\"wpb_column vc_column_container vc_col-sm-12\"><div class=\"vc_column-inner\"><div class=\"wpb_wrapper\">\n\t<div class=\"wpb_text_column wpb_content_element\" >\n\t\t<div class=\"wpb_wrapper\">\n\t\t\t<h1 class=\"has-link-color wp-elements-be6441e521a7f3474bd6518f0aae1b0e wp-block-post-title has-text-color has-base-2-color\">Pracht und Prunk \u2013 Schierholz-Porzellan<\/h1>\n\n\t\t<\/div>\n\t<\/div>\n<div class=\"ult-spacer spacer-69ef723f94317\" data-id=\"69ef723f94317\" data-height=\"10\" data-height-mobile=\"10\" data-height-tab=\"10\" data-height-tab-portrait=\"\" data-height-mobile-landscape=\"\" style=\"clear:both;display:block;\"><\/div><\/div><\/div><\/div><\/div><div class=\"vc_row wpb_row vc_row-fluid\"><div class=\"wpb_column vc_column_container vc_col-sm-8\"><div class=\"vc_column-inner\"><div class=\"wpb_wrapper\">\n\t<div class=\"wpb_text_column wpb_content_element\" >\n\t\t<div class=\"wpb_wrapper\">\n\t\t\t<p data-start=\"471\" data-end=\"768\">Die Sonderausstellung widmet sich der traditionsreichen <span class=\"hover:entity-accent entity-underline inline cursor-pointer align-baseline\"><span class=\"whitespace-normal\">Porzellanmanufaktur Schierholz aus Plaue<\/span><\/span> und pr\u00e4sentiert \u00fcber 100 ausgew\u00e4hlte Exponate aus dem 19. und 20. Jahrhundert. Viele der gezeigten St\u00fccke waren seit Jahrzehnten nicht mehr \u00f6ffentlich zug\u00e4nglich und stammen aus den Depots des Museums.<\/p>\n<p data-start=\"770\" data-end=\"1149\">Zu sehen sind kunstvolle Porzellanobjekte \u2013 von Geschirr und Figurengruppen bis hin zu aufwendig gestalteten Tafelaufs\u00e4tzen und filigranen Lithophanien, deren Bilder erst im Gegenlicht sichtbar werden. Erg\u00e4nzt wird die Ausstellung durch historische Dokumente, Briefe sowie Werk- und Farbb\u00fccher, die einen seltenen Blick hinter die Kulissen der Porzellanherstellung erm\u00f6glichen.<\/p>\n<p data-start=\"1151\" data-end=\"1329\">Die Ausstellung macht das kulturelle Erbe der Region erlebbar und zeigt, warum der Standort Plaue \u00fcber viele Jahrzehnte hinweg f\u00fcr hochwertiges Th\u00fcringer Porzellan bekannt war.<\/p>\n\n\t\t<\/div>\n\t<\/div>\n<div class=\"ult-spacer spacer-69ef723f9533a\" data-id=\"69ef723f9533a\" data-height=\"50\" data-height-mobile=\"50\" data-height-tab=\"50\" data-height-tab-portrait=\"\" data-height-mobile-landscape=\"\" style=\"clear:both;display:block;\"><\/div><div class=\"aio-icon-component    style_1\"><div id=\"Info-box-wrap-6260\" class=\"aio-icon-box default-icon\" style=\"\"  ><div class=\"aio-icon-default\"><div class=\"ult-just-icon-wrapper\"><div class=\"align-icon\" style=\"text-align:center;\">\n<div class=\"aio-icon none\"  style=\"color:#333;font-size:32px;display:inline-block;\">\n\t<i class=\"Defaults-info-circle\"><\/i>\n<\/div><\/div><\/div><\/div><div class=\"aio-icon-header\" ><h4 class=\"aio-icon-title ult-responsive\"  data-ultimate-target='#Info-box-wrap-6260 .aio-icon-title'  data-responsive-json-new='{\"font-size\":\"\",\"line-height\":\"\"}'  style=\"\">Information<\/h4><\/div> <!-- header --><div class=\"aio-icon-description ult-responsive\"  data-ultimate-target='#Info-box-wrap-6260 .aio-icon-description'  data-responsive-json-new='{\"font-size\":\"\",\"line-height\":\"\"}'  style=\"\">Castle Museum Arnstadt<br \/>\nSchlo\u00dfplatz 1<br \/>\n99310 Arnstadt<\/p>\n<p>Ausstellungszeitraum: 14. M\u00e4rz bis 7. Juni 2026<\/p>\n<p>Mehr Informationen auf der <a href=\"https:\/\/www.bachstadt-arnstadt.de\/w\/pracht-und-prunk\">Website<\/a> vom Sommerpalais Greiz.<\/div> <!-- description --><\/div> <!-- aio-icon-box --><\/div> <!-- aio-icon-component --><\/div><\/div><\/div><div class=\"wpb_column vc_column_container vc_col-sm-4\"><div class=\"vc_column-inner\"><div class=\"wpb_wrapper\">\n\t<div  class=\"wpb_single_image wpb_content_element vc_align_left wpb_content_element\">\n\t\t\n\t\t<figure class=\"wpb_wrapper vc_figure\">\n\t\t\t<div class=\"vc_single_image-wrapper   vc_box_border_grey\"><img decoding=\"async\" class=\"vc_single_image-img\" src=\"https:\/\/schatzkammer-thueringen.de\/wp-content\/uploads\/2026\/03\/Pracht-und-Prunk-Sonderausstellung-2026-424x600.jpg\" width=\"424\" height=\"600\" alt=\"Pracht und Prunk Sonderausstellung 2026\" title=\"Pracht und Prunk Sonderausstellung 2026\" loading=\"lazy\" \/><\/div>\n\t\t<\/figure>\n\t<\/div>\n<\/div><\/div><\/div><\/div><div class=\"vc_row wpb_row vc_row-fluid\"><div class=\"wpb_column vc_column_container vc_col-sm-12\"><div class=\"vc_column-inner\"><div class=\"wpb_wrapper\"><div class=\"ult-spacer spacer-69ef723f961af\" data-id=\"69ef723f961af\" data-height=\"10\" data-height-mobile=\"10\" data-height-tab=\"10\" data-height-tab-portrait=\"\" data-height-mobile-landscape=\"\" style=\"clear:both;display:block;\"><\/div><\/div><\/div><\/div><\/div>\n<\/div>","protected":false},"excerpt":{"rendered":"Pracht und Prunk \u2013 Schierholz-Porzellan Die Sonderausstellung widmet sich der traditionsreichen Porzellanmanufaktur Schierholz aus Plaue und pr\u00e4sentiert \u00fcber 100 ausgew\u00e4hlte Exponate aus dem 19. und 20. Jahrhundert. Viele der gezeigten St\u00fccke waren seit Jahrzehnten nicht mehr \u00f6ffentlich zug\u00e4nglich und stammen aus den Depots des Museums. Zu sehen sind kunstvolle Porzellanobjekte \u2013 von Geschirr und Figurengruppen [...]","protected":false},"author":15,"featured_media":7093,"comment_status":"closed","ping_status":"closed","sticky":false,"template":"","format":"standard","meta":{"footnotes":""},"categories":[26],"tags":[],"post_folder":[],"class_list":["post-7092","post","type-post","status-publish","format-standard","has-post-thumbnail","hentry","category-aktuelles"],"_links":{"self":[{"href":"https:\/\/schatzkammer-thueringen.de\/en\/wp-json\/wp\/v2\/posts\/7092","targetHints":{"allow":["GET"]}}],"collection":[{"href":"https:\/\/schatzkammer-thueringen.de\/en\/wp-json\/wp\/v2\/posts"}],"about":[{"href":"https:\/\/schatzkammer-thueringen.de\/en\/wp-json\/wp\/v2\/types\/post"}],"author":[{"embeddable":true,"href":"https:\/\/schatzkammer-thueringen.de\/en\/wp-json\/wp\/v2\/users\/15"}],"replies":[{"embeddable":true,"href":"https:\/\/schatzkammer-thueringen.de\/en\/wp-json\/wp\/v2\/comments?post=7092"}],"version-history":[{"count":2,"href":"https:\/\/schatzkammer-thueringen.de\/en\/wp-json\/wp\/v2\/posts\/7092\/revisions"}],"predecessor-version":[{"id":7095,"href":"https:\/\/schatzkammer-thueringen.de\/en\/wp-json\/wp\/v2\/posts\/7092\/revisions\/7095"}],"wp:featuredmedia":[{"embeddable":true,"href":"https:\/\/schatzkammer-thueringen.de\/en\/wp-json\/wp\/v2\/media\/7093"}],"wp:attachment":[{"href":"https:\/\/schatzkammer-thueringen.de\/en\/wp-json\/wp\/v2\/media?parent=7092"}],"wp:term":[{"taxonomy":"category","embeddable":true,"href":"https:\/\/schatzkammer-thueringen.de\/en\/wp-json\/wp\/v2\/categories?post=7092"},{"taxonomy":"post_tag","embeddable":true,"href":"https:\/\/schatzkammer-thueringen.de\/en\/wp-json\/wp\/v2\/tags?post=7092"},{"taxonomy":"post_folder","embeddable":true,"href":"https:\/\/schatzkammer-thueringen.de\/en\/wp-json\/wp\/v2\/post_folder?post=7092"}],"curies":[{"name":"wp","href":"https:\/\/api.w.org\/{rel}","templated":true}]}}